{"id":185,"date":"2025-11-05T22:44:32","date_gmt":"2025-11-05T22:44:32","guid":{"rendered":"https:\/\/festivalpoesiavenezuela.com\/?p=185"},"modified":"2025-11-05T22:44:32","modified_gmt":"2025-11-05T22:44:32","slug":"la-magia-de-la-palabra-llegara-al-celarg-con-expoesia-2025-del-20-al-23-de-noviembre","status":"publish","type":"post","link":"https:\/\/festivalpoesiavenezuela.com\/index.php\/2025\/11\/05\/la-magia-de-la-palabra-llegara-al-celarg-con-expoesia-2025-del-20-al-23-de-noviembre\/","title":{"rendered":"La magia de la palabra llegar\u00e1 al Celarg con Expoes\u00eda 2025 del 20 al 23 de noviembre"},"content":{"rendered":"<p>A partir del pr\u00f3ximo 20 de noviembre se realizar\u00e1, en los espacios del Centro de Estudios Latinoamericanos y del Caribe R\u00f3mulo Gallegos (Celarg), la II Feria Internacional del Libro de Poes\u00eda (Expoes\u00eda), evento que mantendr\u00e1 sus puertas abiertas hasta el d\u00eda 23 del mismo mes.<br \/>\n\u00abEsta segunda Expoes\u00eda es una invitaci\u00f3n para que los venezolanos abramos las puertas a las editoriales internacionales, para que perciban la belleza de la poes\u00eda venezolana\u00bb, afirm\u00f3 el vicepresidente sectorial de comunicaci\u00f3n y cultura, Freddy \u00d1\u00e1\u00f1ez.<br \/>\nPor su parte, el ministro de Cultura, Ernesto Villegas, describi\u00f3 la funci\u00f3n de este evento como: \u00abmostrar la vitalidad de Venezuela como un pa\u00eds de verdaderos poetas\u00bb. \u00abMientras algunos amenazan con misiles, nosotros respondemos con flores y versos, y ese es un dato que no es menor\u00bb, opin\u00f3 Villegas, quien se\u00f1al\u00f3 que la Patria venezolana mantiene el desarrollo de actividades culturales ante cualquier situaci\u00f3n. Adem\u00e1s, describi\u00f3 a la cultura como \u00abun frente de batalla principal\u00edsimo\u00bb.<br \/>\nAdicionalmente, expres\u00f3 su inter\u00e9s en que la Expoes\u00eda se convierta en un espacio cultural permanente, as\u00ed como la Feria Internacional del Libro de Venezuela (Filven).<br \/>\nLa iniciativa contar\u00e1 con un grupo de 18 pa\u00edses invitados, particularmente de, Argentina, Azerbaiy\u00e1n, Bolivia, Brasil, Colombia , Cuba, Chile, Costa Rica, Ecuador, El Salvador, Espa\u00f1a, Honduras, Ir\u00e1n, M\u00e9xico, Per\u00fa y Uruguay. El evento tambi\u00e9n dispondr\u00e1 de figuras e iniciativas culturales nacionales como homenajeados, incluido el programa de televisi\u00f3n La Librer\u00eda Medi\u00e1tica. Tambi\u00e9n se presentar\u00e1n 26 editoriales internacionales y siete de Venezuela, aunado a la presentaci\u00f3n de 48 libros.<br \/>\nEntre las actividades que se realizar\u00e1n se incluye la exposici\u00f3n y venta de cat\u00e1logos de cada editorial, presentaci\u00f3n, de libros, foros y conversatorios, promoci\u00f3n de lectura, recitales de poes\u00eda, talleres de creaci\u00f3n literaria, y exposici\u00f3n de editoriales de tradici\u00f3n en Venezuela.<\/p>\n","protected":false},"excerpt":{"rendered":"<p> [&hellip;]<\/p>\n","protected":false},"author":1,"featured_media":186,"comment_status":"open","ping_status":"open","sticky":false,"template":"","format":"standard","meta":{"footnotes":""},"categories":[5],"tags":[],"class_list":["post-185","post","type-post","status-publish","format-standard","has-post-thumbnail","hentry","category-prensa"],"_links":{"self":[{"href":"https:\/\/festivalpoesiavenezuela.com\/index.php\/wp-json\/wp\/v2\/posts\/185","targetHints":{"allow":["GET"]}}],"collection":[{"href":"https:\/\/festivalpoesiavenezuela.com\/index.php\/wp-json\/wp\/v2\/posts"}],"about":[{"href":"https:\/\/festivalpoesiavenezuela.com\/index.php\/wp-json\/wp\/v2\/types\/post"}],"author":[{"embeddable":true,"href":"https:\/\/festivalpoesiavenezuela.com\/index.php\/wp-json\/wp\/v2\/users\/1"}],"replies":[{"embeddable":true,"href":"https:\/\/festivalpoesiavenezuela.com\/index.php\/wp-json\/wp\/v2\/comments?post=185"}],"version-history":[{"count":1,"href":"https:\/\/festivalpoesiavenezuela.com\/index.php\/wp-json\/wp\/v2\/posts\/185\/revisions"}],"predecessor-version":[{"id":187,"href":"https:\/\/festivalpoesiavenezuela.com\/index.php\/wp-json\/wp\/v2\/posts\/185\/revisions\/187"}],"wp:featuredmedia":[{"embeddable":true,"href":"https:\/\/festivalpoesiavenezuela.com\/index.php\/wp-json\/wp\/v2\/media\/186"}],"wp:attachment":[{"href":"https:\/\/festivalpoesiavenezuela.com\/index.php\/wp-json\/wp\/v2\/media?parent=185"}],"wp:term":[{"taxonomy":"category","embeddable":true,"href":"https:\/\/festivalpoesiavenezuela.com\/index.php\/wp-json\/wp\/v2\/categories?post=185"},{"taxonomy":"post_tag","embeddable":true,"href":"https:\/\/festivalpoesiavenezuela.com\/index.php\/wp-json\/wp\/v2\/tags?post=185"}],"curies":[{"name":"wp","href":"https:\/\/api.w.org\/{rel}","templated":true}]}}