{"id":61,"date":"2024-07-08T14:37:35","date_gmt":"2024-07-08T14:37:35","guid":{"rendered":"https:\/\/festivalpoesiavenezuela.com\/?p=61"},"modified":"2025-05-07T14:48:30","modified_gmt":"2025-05-07T14:48:30","slug":"festival-mundial-de-poesia-sera-un-espacio-para-compartir-la-palabra","status":"publish","type":"post","link":"https:\/\/festivalpoesiavenezuela.com\/index.php\/2024\/07\/08\/festival-mundial-de-poesia-sera-un-espacio-para-compartir-la-palabra\/","title":{"rendered":"Festival Mundial de Poes\u00eda ser\u00e1 un espacio para compartir la palabra"},"content":{"rendered":"<p>Desde este lunes, se inicia la edici\u00f3n 18 del\u00a0<strong>Festival Mundial de la Poes\u00eda<\/strong>, en el Teatro Bol\u00edvar de Caracas, con la participaci\u00f3n de m\u00e1s de<strong>\u00a0200 poetas\u00a0<\/strong>de los estados venezolanos, as\u00ed como invitados internacionales. Ser\u00e1 un espacio para incentivar la lectura de la poes\u00eda.<\/p>\n<p>Al respecto, la poeta\u00a0<strong>Beatriz Affil,<\/strong>\u00a0en entrevista para el programa\u00a0<em>Buena Vibra,<\/em>\u00a0que transmite Venezolana de Televisi\u00f3n (VTV), expres\u00f3 que el festival, se \u201ctrata de expresar, de compartir la palabra\u201d. Este espacio \u201ces para todo el mundo, muchas casas de la cultura, bibliotecas est\u00e1n integrados a este festival. Todo el mundo puede ir\u201d.<\/p>\n<p>Resalt\u00f3 que el festival se inicia con los muchachos de 15 a 17 a\u00f1os, de todas partes del pa\u00eds de la\u00a0<strong>Escuela Nacional de Poes\u00eda<\/strong>. Es una maravillosa generaci\u00f3n de relevo\u201d. Al mismo tiempo, el evento se desarrollar\u00e1 en la Casa de las Letras, Andr\u00e9s Bello, en el Centro de Estudios Latinoamericanos y del Caribe R\u00f3mulo Gallegos (Celarg) y en la Casa de la Cultura de La Pastora.<\/p>\n<p>Hay actividades para j\u00f3venes, adultos mayores, como talleres sobre lectura, iniciaci\u00f3n en la poes\u00eda, creaci\u00f3n literaria, as\u00ed como foros sobre autores que ha tenido Venezuela. El poeta homenajeado ser\u00e1\u00a0<strong>Leonardo Luis Tirado<\/strong>.<\/p>\n","protected":false},"excerpt":{"rendered":"<p> [&hellip;]<\/p>\n","protected":false},"author":1,"featured_media":74,"comment_status":"open","ping_status":"open","sticky":false,"template":"","format":"standard","meta":{"footnotes":""},"categories":[5],"tags":[],"class_list":["post-61","post","type-post","status-publish","format-standard","has-post-thumbnail","hentry","category-prensa"],"_links":{"self":[{"href":"https:\/\/festivalpoesiavenezuela.com\/index.php\/wp-json\/wp\/v2\/posts\/61","targetHints":{"allow":["GET"]}}],"collection":[{"href":"https:\/\/festivalpoesiavenezuela.com\/index.php\/wp-json\/wp\/v2\/posts"}],"about":[{"href":"https:\/\/festivalpoesiavenezuela.com\/index.php\/wp-json\/wp\/v2\/types\/post"}],"author":[{"embeddable":true,"href":"https:\/\/festivalpoesiavenezuela.com\/index.php\/wp-json\/wp\/v2\/users\/1"}],"replies":[{"embeddable":true,"href":"https:\/\/festivalpoesiavenezuela.com\/index.php\/wp-json\/wp\/v2\/comments?post=61"}],"version-history":[{"count":1,"href":"https:\/\/festivalpoesiavenezuela.com\/index.php\/wp-json\/wp\/v2\/posts\/61\/revisions"}],"predecessor-version":[{"id":63,"href":"https:\/\/festivalpoesiavenezuela.com\/index.php\/wp-json\/wp\/v2\/posts\/61\/revisions\/63"}],"wp:featuredmedia":[{"embeddable":true,"href":"https:\/\/festivalpoesiavenezuela.com\/index.php\/wp-json\/wp\/v2\/media\/74"}],"wp:attachment":[{"href":"https:\/\/festivalpoesiavenezuela.com\/index.php\/wp-json\/wp\/v2\/media?parent=61"}],"wp:term":[{"taxonomy":"category","embeddable":true,"href":"https:\/\/festivalpoesiavenezuela.com\/index.php\/wp-json\/wp\/v2\/categories?post=61"},{"taxonomy":"post_tag","embeddable":true,"href":"https:\/\/festivalpoesiavenezuela.com\/index.php\/wp-json\/wp\/v2\/tags?post=61"}],"curies":[{"name":"wp","href":"https:\/\/api.w.org\/{rel}","templated":true}]}}