{"id":71,"date":"2024-07-08T14:45:59","date_gmt":"2024-07-08T14:45:59","guid":{"rendered":"https:\/\/festivalpoesiavenezuela.com\/?p=71"},"modified":"2025-05-07T14:47:03","modified_gmt":"2025-05-07T14:47:03","slug":"inauguran-xviii-festival-mundial-de-poesia-de-venezuela-en-caracas","status":"publish","type":"post","link":"https:\/\/festivalpoesiavenezuela.com\/index.php\/2024\/07\/08\/inauguran-xviii-festival-mundial-de-poesia-de-venezuela-en-caracas\/","title":{"rendered":"Inauguran XVIII Festival Mundial de Poes\u00eda de Venezuela en Caracas"},"content":{"rendered":"<p>En el Teatro Bol\u00edvar de Caracas se desarroll\u00f3 el recital nocturno inaugural del XVIII Festival Mundial de Poes\u00eda de Venezuela, para celebrar a la palabra, el verso y la hermosura del habla y el lenguaje.<\/p>\n<p>Al respecto, algunos de los asistentes al evento dijeron: \u201cEstoy muy contento de estar nuevamente ac\u00e1 en Caracas compartiendo la lectura, la poes\u00eda y el intercambio con la gente, es impresionante el trabajo de los j\u00f3venes y de los muchachos en los liceos es maravilloso\u201d.<\/p>\n<p>Asimismo, expresaron estar complacidos por esta invitaci\u00f3n \u201cpara poder leer los textos que uno ha cultivado a lo largo de los a\u00f1os y escuchar otras voces con otras propuestas y otros enfoques. De esto se trata este orfe\u00f3n de voces de distintos pa\u00edses, de apreciar los ritmos de cada lengua\u201d.<\/p>\n<p>En este festival participan m\u00e1s de 200 poetas nacionales e internacionales en homenaje al poeta barin\u00e9s Leonardo Ru\u00edz, con diversas actividades recreativas y formativas a partir de este 8 de junio y durante toda la semana.<\/p>\n","protected":false},"excerpt":{"rendered":"<p> [&hellip;]<\/p>\n","protected":false},"author":1,"featured_media":72,"comment_status":"open","ping_status":"open","sticky":false,"template":"","format":"standard","meta":{"footnotes":""},"categories":[5],"tags":[],"class_list":["post-71","post","type-post","status-publish","format-standard","has-post-thumbnail","hentry","category-prensa"],"_links":{"self":[{"href":"https:\/\/festivalpoesiavenezuela.com\/index.php\/wp-json\/wp\/v2\/posts\/71","targetHints":{"allow":["GET"]}}],"collection":[{"href":"https:\/\/festivalpoesiavenezuela.com\/index.php\/wp-json\/wp\/v2\/posts"}],"about":[{"href":"https:\/\/festivalpoesiavenezuela.com\/index.php\/wp-json\/wp\/v2\/types\/post"}],"author":[{"embeddable":true,"href":"https:\/\/festivalpoesiavenezuela.com\/index.php\/wp-json\/wp\/v2\/users\/1"}],"replies":[{"embeddable":true,"href":"https:\/\/festivalpoesiavenezuela.com\/index.php\/wp-json\/wp\/v2\/comments?post=71"}],"version-history":[{"count":1,"href":"https:\/\/festivalpoesiavenezuela.com\/index.php\/wp-json\/wp\/v2\/posts\/71\/revisions"}],"predecessor-version":[{"id":73,"href":"https:\/\/festivalpoesiavenezuela.com\/index.php\/wp-json\/wp\/v2\/posts\/71\/revisions\/73"}],"wp:featuredmedia":[{"embeddable":true,"href":"https:\/\/festivalpoesiavenezuela.com\/index.php\/wp-json\/wp\/v2\/media\/72"}],"wp:attachment":[{"href":"https:\/\/festivalpoesiavenezuela.com\/index.php\/wp-json\/wp\/v2\/media?parent=71"}],"wp:term":[{"taxonomy":"category","embeddable":true,"href":"https:\/\/festivalpoesiavenezuela.com\/index.php\/wp-json\/wp\/v2\/categories?post=71"},{"taxonomy":"post_tag","embeddable":true,"href":"https:\/\/festivalpoesiavenezuela.com\/index.php\/wp-json\/wp\/v2\/tags?post=71"}],"curies":[{"name":"wp","href":"https:\/\/api.w.org\/{rel}","templated":true}]}}